{"id":827,"date":"2011-11-15T08:13:13","date_gmt":"2011-11-15T14:13:13","guid":{"rendered":"http:\/\/www.cdcaverock.es\/?p=827"},"modified":"2011-11-15T10:54:50","modified_gmt":"2011-11-15T16:54:50","slug":"viii-semana-de-la-montana","status":"publish","type":"post","link":"https:\/\/www.cdcaverock.es\/?p=827","title":{"rendered":"VIII SEMANA DE LA MONTA\u00d1A."},"content":{"rendered":"<p>Este a\u00f1o cambia de sede la semana de la monta\u00f1a, las conferencias ser\u00e1n en el espacio multifuncional El Tranv\u00eda, (La Cuesta). La fecha de este evento ser\u00e1 del 22 al 26 de noviembre de 2011. No dejes de asistir mas informaci\u00f3n de las conferencias en el cartel.<\/p>\n<p style=\"text-align: center;\"><a href=\"https:\/\/www.cdcaverock.es\/fotos\/2011\/11\/cartel-semana-de-la-monta\u00f1a.jpg\"><img loading=\"lazy\" decoding=\"async\" class=\"aligncenter size-full wp-image-828\" title=\"cartel semana de la monta\u00f1a\" src=\"https:\/\/www.cdcaverock.es\/fotos\/2011\/11\/cartel-semana-de-la-monta\u00f1a.jpg\" alt=\"\" width=\"255\" height=\"766\" \/><\/a><\/p>\n","protected":false},"excerpt":{"rendered":"<p>Este a\u00f1o cambia de sede la semana de la monta\u00f1a, las conferencias ser\u00e1n en el espacio multifuncional El Tranv\u00eda, (La Cuesta). La fecha de este evento ser\u00e1 del 22 al 26 de noviembre de 2011. No dejes de asistir mas informaci\u00f3n de las conferencias en el cartel.<\/p>\n","protected":false},"author":2,"featured_media":0,"comment_status":"closed","ping_status":"open","sticky":false,"template":"","format":"standard","meta":{"footnotes":""},"categories":[1],"tags":[],"class_list":["post-827","post","type-post","status-publish","format-standard","hentry","category-uncategorized"],"_links":{"self":[{"href":"https:\/\/www.cdcaverock.es\/index.php?rest_route=\/wp\/v2\/posts\/827","targetHints":{"allow":["GET"]}}],"collection":[{"href":"https:\/\/www.cdcaverock.es\/index.php?rest_route=\/wp\/v2\/posts"}],"about":[{"href":"https:\/\/www.cdcaverock.es\/index.php?rest_route=\/wp\/v2\/types\/post"}],"author":[{"embeddable":true,"href":"https:\/\/www.cdcaverock.es\/index.php?rest_route=\/wp\/v2\/users\/2"}],"replies":[{"embeddable":true,"href":"https:\/\/www.cdcaverock.es\/index.php?rest_route=%2Fwp%2Fv2%2Fcomments&post=827"}],"version-history":[{"count":5,"href":"https:\/\/www.cdcaverock.es\/index.php?rest_route=\/wp\/v2\/posts\/827\/revisions"}],"predecessor-version":[{"id":833,"href":"https:\/\/www.cdcaverock.es\/index.php?rest_route=\/wp\/v2\/posts\/827\/revisions\/833"}],"wp:attachment":[{"href":"https:\/\/www.cdcaverock.es\/index.php?rest_route=%2Fwp%2Fv2%2Fmedia&parent=827"}],"wp:term":[{"taxonomy":"category","embeddable":true,"href":"https:\/\/www.cdcaverock.es\/index.php?rest_route=%2Fwp%2Fv2%2Fcategories&post=827"},{"taxonomy":"post_tag","embeddable":true,"href":"https:\/\/www.cdcaverock.es\/index.php?rest_route=%2Fwp%2Fv2%2Ftags&post=827"}],"curies":[{"name":"wp","href":"https:\/\/api.w.org\/{rel}","templated":true}]}}