{"id":677,"date":"2011-07-01T08:55:42","date_gmt":"2011-07-01T14:55:42","guid":{"rendered":"http:\/\/www.cdcaverock.es\/?p=677"},"modified":"2011-07-06T06:19:39","modified_gmt":"2011-07-06T12:19:39","slug":"san-marcos-climb-2011","status":"publish","type":"post","link":"https:\/\/www.cdcaverock.es\/?p=677","title":{"rendered":"SAN MARCOS CLIMB 2011."},"content":{"rendered":"<h1><span style=\"color: #ff0000;\">APLAZADO\u00a0POR DESPRENDIMIENTOS.<\/span><\/h1>\n<p>\u00a0<\/p>\n<p>Queda\u00a0aplazado el\u00a0San Marcos climb por motivos de desprendimientos\u00a0ocasionados en los d\u00edas anteriores. Desde el club\u00a0 felicitamos a los organizadores de este evento ya que este a\u00f1o ten\u00edan un cartel de lo m\u00e1s gratificante y\u00a0alentarlos para que en a\u00f1os venideros sigan aunando fuerzas para seguir organizando este evento.\u00a0\u00a0\u00a0<\/p>\n<p><a href=\"https:\/\/www.cdcaverock.es\/fotos\/2011\/07\/logo11.png\"><img loading=\"lazy\" decoding=\"async\" class=\"aligncenter size-full wp-image-680\" title=\"logo[1]\" src=\"https:\/\/www.cdcaverock.es\/fotos\/2011\/07\/logo11.png\" alt=\"\" width=\"960\" height=\"125\" \/><\/a><a href=\"https:\/\/www.cdcaverock.es\/fotos\/2011\/07\/logo1.png\"><\/a><\/p>\n<p>El pr\u00f3ximo d\u00eda 09 de julio de 2011 tendr\u00e1 lugar en Icod de los Vinos el San Marcos Climb 2011, rogamos a todos la m\u00e1xima difusi\u00f3n, ir y participar.<\/p>\n<p>M\u00e1s informaci\u00f3n en este enlace <a href=\"http:\/\/www.sanmarcosclimb.com\/blog\/\">http:\/\/www.sanmarcosclimb.com\/blog\/<\/a><\/p>\n","protected":false},"excerpt":{"rendered":"<p>APLAZADO\u00a0POR DESPRENDIMIENTOS. \u00a0 Queda\u00a0aplazado el\u00a0San Marcos climb por motivos de desprendimientos\u00a0ocasionados en los d\u00edas anteriores. Desde el club\u00a0 felicitamos a los organizadores de este evento ya que este a\u00f1o ten\u00edan un cartel de lo m\u00e1s gratificante y\u00a0alentarlos para que en a\u00f1os venideros sigan aunando fuerzas para seguir organizando este evento.\u00a0\u00a0\u00a0 El pr\u00f3ximo d\u00eda 09 de [&hellip;]<\/p>\n","protected":false},"author":2,"featured_media":0,"comment_status":"closed","ping_status":"open","sticky":false,"template":"","format":"standard","meta":{"footnotes":""},"categories":[1],"tags":[],"class_list":["post-677","post","type-post","status-publish","format-standard","hentry","category-uncategorized"],"_links":{"self":[{"href":"https:\/\/www.cdcaverock.es\/index.php?rest_route=\/wp\/v2\/posts\/677","targetHints":{"allow":["GET"]}}],"collection":[{"href":"https:\/\/www.cdcaverock.es\/index.php?rest_route=\/wp\/v2\/posts"}],"about":[{"href":"https:\/\/www.cdcaverock.es\/index.php?rest_route=\/wp\/v2\/types\/post"}],"author":[{"embeddable":true,"href":"https:\/\/www.cdcaverock.es\/index.php?rest_route=\/wp\/v2\/users\/2"}],"replies":[{"embeddable":true,"href":"https:\/\/www.cdcaverock.es\/index.php?rest_route=%2Fwp%2Fv2%2Fcomments&post=677"}],"version-history":[{"count":7,"href":"https:\/\/www.cdcaverock.es\/index.php?rest_route=\/wp\/v2\/posts\/677\/revisions"}],"predecessor-version":[{"id":683,"href":"https:\/\/www.cdcaverock.es\/index.php?rest_route=\/wp\/v2\/posts\/677\/revisions\/683"}],"wp:attachment":[{"href":"https:\/\/www.cdcaverock.es\/index.php?rest_route=%2Fwp%2Fv2%2Fmedia&parent=677"}],"wp:term":[{"taxonomy":"category","embeddable":true,"href":"https:\/\/www.cdcaverock.es\/index.php?rest_route=%2Fwp%2Fv2%2Fcategories&post=677"},{"taxonomy":"post_tag","embeddable":true,"href":"https:\/\/www.cdcaverock.es\/index.php?rest_route=%2Fwp%2Fv2%2Ftags&post=677"}],"curies":[{"name":"wp","href":"https:\/\/api.w.org\/{rel}","templated":true}]}}