{"id":581,"date":"2011-05-10T07:53:34","date_gmt":"2011-05-10T13:53:34","guid":{"rendered":"http:\/\/www.cdcaverock.es\/?p=581"},"modified":"2011-05-11T02:05:04","modified_gmt":"2011-05-11T08:05:04","slug":"arriondas-compes","status":"publish","type":"post","link":"https:\/\/www.cdcaverock.es\/?p=581","title":{"rendered":"ARRIONDAS COMPES."},"content":{"rendered":"<p>Hola empez\u00f3 la Copa de Espa\u00f1a, no dirigimos el viernes a Las Palmas de Gran Canaria ya que no hab\u00edamos encontrado vuelo directo para salir el s\u00e1bado desde Tenerife y lo que encontramos sal\u00eda demasiado caro nos quedamos a dormir en  casa del Dani  ,d\u00e1ndole nuestro mayor agradecimiento por acogernos en su casa ,el s\u00e1bado volamos destino a Asturias y como no pod\u00eda ser de otra manera  ya que hacia mal tiempo en Madrid el avi\u00f3n sale con casi tres horas de retraso y por fin despu\u00e9s de tanto viaje llegamos a Asturias a las 17:00 horas del s\u00e1bado todav\u00eda nos quedaban  unos 100 kil\u00f3metros de coche para llegar a Arridiondas ,una vez all\u00ed nos gozamos las finales masculinas absolutos  ya que las F\u00e9minas hab\u00edan acabado, la verdad que \u201cRamonet\u201d esta intratable , el muro no daba para mucho por lo que al d\u00eda siguiente nos dirigimos a nuestra competici\u00f3n los juveniles, hay que agradecer a la Federaci\u00f3n Espa\u00f1ola que cambiaran el formato de las semifinales siendo estas al \u201cflash\u201d ,Sara  en semifinales le va bastante bien  y J\u00e9r\u00f4me  encadena semi junto con otros once competidores, en finales Sara queda en quinta posici\u00f3n y en la categor\u00eda de J\u00e9r\u00f4me  este se queda a dos presas junto con Pau(los dos quedan en 7\u00aaposici\u00f3n) para pasar a la superfinal ,en la que pasaron otros seis competidores que hab\u00edan encadenado la final,Tambi\u00e9n queremos felicitar a Nira C\u00e1ceres ya que en su categor\u00eda de sub 18 a quedado en segunda posici\u00f3n.<br \/>\nEstamos llegando y nuevamente este s\u00e1bado volvemos a Asturias a la segunda prueba que se celebra en Ponferrada as\u00ed que el s\u00e1bado otra vez a volar, en esta semana intentar\u00e9 colgar los videos de las finales de Arriondas.<br \/>\n<a href='https:\/\/www.cdcaverock.es\/fotos\/2011\/05\/calsificacionjuvenil_arriondas2011451.pdf'>calsificacionjuvenil_arriondas201145<\/a><\/p>\n<p>2\u00aa PRUEBA DE LA COPA DE ESPA\u00d1A PONFERRADA.<\/p>\n<p><a href=\"https:\/\/www.cdcaverock.es\/fotos\/2011\/05\/imagen3.jpg\"><img loading=\"lazy\" decoding=\"async\" src=\"https:\/\/www.cdcaverock.es\/fotos\/2011\/05\/imagen3.jpg\" alt=\"\" title=\"imagen[3]\" width=\"275\" height=\"183\" class=\"aligncenter size-full wp-image-597\" \/><\/a><\/p>\n<p>Aqu\u00ed les dejo la informaci\u00f3n de la pr\u00f3xima prueba:<a href='https:\/\/www.cdcaverock.es\/fotos\/2011\/05\/info_ponferrada12.pdf'>info_ponferrada12<\/a><\/p>\n","protected":false},"excerpt":{"rendered":"<p>Hola empez\u00f3 la Copa de Espa\u00f1a, no dirigimos el viernes a Las Palmas de Gran Canaria ya que no hab\u00edamos encontrado vuelo directo para salir el s\u00e1bado desde Tenerife y lo que encontramos sal\u00eda demasiado caro nos quedamos a dormir en casa del Dani ,d\u00e1ndole nuestro mayor agradecimiento por acogernos en su casa ,el s\u00e1bado [&hellip;]<\/p>\n","protected":false},"author":2,"featured_media":0,"comment_status":"closed","ping_status":"open","sticky":false,"template":"","format":"standard","meta":{"footnotes":""},"categories":[1],"tags":[],"class_list":["post-581","post","type-post","status-publish","format-standard","hentry","category-uncategorized"],"_links":{"self":[{"href":"https:\/\/www.cdcaverock.es\/index.php?rest_route=\/wp\/v2\/posts\/581","targetHints":{"allow":["GET"]}}],"collection":[{"href":"https:\/\/www.cdcaverock.es\/index.php?rest_route=\/wp\/v2\/posts"}],"about":[{"href":"https:\/\/www.cdcaverock.es\/index.php?rest_route=\/wp\/v2\/types\/post"}],"author":[{"embeddable":true,"href":"https:\/\/www.cdcaverock.es\/index.php?rest_route=\/wp\/v2\/users\/2"}],"replies":[{"embeddable":true,"href":"https:\/\/www.cdcaverock.es\/index.php?rest_route=%2Fwp%2Fv2%2Fcomments&post=581"}],"version-history":[{"count":12,"href":"https:\/\/www.cdcaverock.es\/index.php?rest_route=\/wp\/v2\/posts\/581\/revisions"}],"predecessor-version":[{"id":593,"href":"https:\/\/www.cdcaverock.es\/index.php?rest_route=\/wp\/v2\/posts\/581\/revisions\/593"}],"wp:attachment":[{"href":"https:\/\/www.cdcaverock.es\/index.php?rest_route=%2Fwp%2Fv2%2Fmedia&parent=581"}],"wp:term":[{"taxonomy":"category","embeddable":true,"href":"https:\/\/www.cdcaverock.es\/index.php?rest_route=%2Fwp%2Fv2%2Fcategories&post=581"},{"taxonomy":"post_tag","embeddable":true,"href":"https:\/\/www.cdcaverock.es\/index.php?rest_route=%2Fwp%2Fv2%2Ftags&post=581"}],"curies":[{"name":"wp","href":"https:\/\/api.w.org\/{rel}","templated":true}]}}