{"id":51,"date":"2009-08-20T17:27:35","date_gmt":"2009-08-20T15:27:35","guid":{"rendered":"http:\/\/www.cdcaverock.es\/?p=51"},"modified":"2010-07-21T19:40:13","modified_gmt":"2010-07-21T17:40:13","slug":"maraton-escalada-puntallana-la-palma","status":"publish","type":"post","link":"https:\/\/www.cdcaverock.es\/?p=51","title":{"rendered":"II MARATON ESCALADA PUNTALLANA, LA PALMA"},"content":{"rendered":"<p style=\"text-align: left;\">Por segundo a\u00f1o se celebra en \u00e9ste municipio palmero la \u00abMarat\u00f3n de Escalada de Puntallana\u00bb. Una competici\u00f3n diferente en la que podr\u00e1s pas\u00e1rtelo bien escalando y disfrutando de la hospitalidad de la Organizaci\u00f3n. Inscripciones hasta el 4 de Septiembre en el 922 43 02 00 s\u00f3lo 10\u20ac por persona.<\/p>\n<p style=\"text-align: center;\"><a href=\"https:\/\/www.cdcaverock.es\/fotos\/2009\/08\/maraton-de-escalada-puntallana-723x1024.jpg\" target=\"_blank\"><img loading=\"lazy\" decoding=\"async\" class=\"aligncenter size-medium wp-image-53\" title=\"maraton-de-escalada-puntallana\" src=\"https:\/\/www.cdcaverock.es\/fotos\/2009\/08\/maraton-de-escalada-puntallana1-212x300.jpg\" alt=\"maraton-de-escalada-puntallana1\" width=\"212\" height=\"300\" srcset=\"https:\/\/www.cdcaverock.es\/fotos\/2009\/08\/maraton-de-escalada-puntallana1-212x300.jpg 212w, https:\/\/www.cdcaverock.es\/fotos\/2009\/08\/maraton-de-escalada-puntallana1-723x1024.jpg 723w, https:\/\/www.cdcaverock.es\/fotos\/2009\/08\/maraton-de-escalada-puntallana1.jpg 1240w\" sizes=\"auto, (max-width: 212px) 100vw, 212px\" \/><\/a><\/p>\n<p style=\"text-align: left;\">Tambi\u00e9n puedes consultar el <a title=\"Programa marat\u00f3n\" href=\"https:\/\/www.cdcaverock.es\/fotos\/2009\/08\/programa-marathon-escalada1.pdf\" target=\"_blank\">Programa<\/a> y el <a title=\"Reglamento marat\u00f3n\" href=\"https:\/\/www.cdcaverock.es\/fotos\/2009\/08\/reglamento-marathon-escalada.pdf\" target=\"_blank\">Reglamento<\/a> de la Marat\u00f3n. Te esperamos!!<\/p>\n","protected":false},"excerpt":{"rendered":"<p>Por segundo a\u00f1o se celebra en \u00e9ste municipio palmero la \u00abMarat\u00f3n de Escalada de Puntallana\u00bb. Una competici\u00f3n diferente en la que podr\u00e1s pas\u00e1rtelo bien escalando y disfrutando de la hospitalidad de la Organizaci\u00f3n. Inscripciones hasta el 4 de Septiembre en el 922 43 02 00 s\u00f3lo 10\u20ac por persona. Tambi\u00e9n puedes consultar el Programa y [&hellip;]<\/p>\n","protected":false},"author":1,"featured_media":0,"comment_status":"closed","ping_status":"open","sticky":false,"template":"","format":"standard","meta":{"footnotes":""},"categories":[1],"tags":[],"class_list":["post-51","post","type-post","status-publish","format-standard","hentry","category-uncategorized"],"_links":{"self":[{"href":"https:\/\/www.cdcaverock.es\/index.php?rest_route=\/wp\/v2\/posts\/51","targetHints":{"allow":["GET"]}}],"collection":[{"href":"https:\/\/www.cdcaverock.es\/index.php?rest_route=\/wp\/v2\/posts"}],"about":[{"href":"https:\/\/www.cdcaverock.es\/index.php?rest_route=\/wp\/v2\/types\/post"}],"author":[{"embeddable":true,"href":"https:\/\/www.cdcaverock.es\/index.php?rest_route=\/wp\/v2\/users\/1"}],"replies":[{"embeddable":true,"href":"https:\/\/www.cdcaverock.es\/index.php?rest_route=%2Fwp%2Fv2%2Fcomments&post=51"}],"version-history":[{"count":16,"href":"https:\/\/www.cdcaverock.es\/index.php?rest_route=\/wp\/v2\/posts\/51\/revisions"}],"predecessor-version":[{"id":69,"href":"https:\/\/www.cdcaverock.es\/index.php?rest_route=\/wp\/v2\/posts\/51\/revisions\/69"}],"wp:attachment":[{"href":"https:\/\/www.cdcaverock.es\/index.php?rest_route=%2Fwp%2Fv2%2Fmedia&parent=51"}],"wp:term":[{"taxonomy":"category","embeddable":true,"href":"https:\/\/www.cdcaverock.es\/index.php?rest_route=%2Fwp%2Fv2%2Fcategories&post=51"},{"taxonomy":"post_tag","embeddable":true,"href":"https:\/\/www.cdcaverock.es\/index.php?rest_route=%2Fwp%2Fv2%2Ftags&post=51"}],"curies":[{"name":"wp","href":"https:\/\/api.w.org\/{rel}","templated":true}]}}