{"id":290,"date":"2010-07-12T16:41:06","date_gmt":"2010-07-12T14:41:06","guid":{"rendered":"http:\/\/www.cdcaverock.es\/?p=290"},"modified":"2010-07-21T20:21:14","modified_gmt":"2010-07-21T18:21:14","slug":"290","status":"publish","type":"post","link":"https:\/\/www.cdcaverock.es\/?p=290","title":{"rendered":"JUNTA GENERAL DE SOCIOS DEL CLUB DEPORTIVO CAVEROCK"},"content":{"rendered":"<p class=\"MsoNormal\" style=\"margin: 0cm 0cm 10pt;\"><span style=\"font-family: Calibri;\"><span style=\"line-height: 115%; font-size: 12pt;\">Don Alejandro Ojeda Baquero, presidente del Club Deportivo Caverock, sito en la calle Tamarco n\u00ba13 bajo, La Laguna, Tenerife. Celebrada la <span style=\"mso-spacerun: yes;\"> <\/span><strong style=\"mso-bidi-font-weight: normal;\">JUNTA GENERAL ORDINARIA DE SOCIOS <\/strong>que tuvo lugar el d\u00eda <\/span><strong style=\"mso-bidi-font-weight: normal;\"><span style=\"line-height: 115%; font-size: 14pt;\">18 de junio de 2010 a las 20:00 horas<span style=\"mso-spacerun: yes;\"> <\/span><\/span><\/strong><strong style=\"mso-bidi-font-weight: normal;\"><span style=\"line-height: 115%; font-size: 12pt;\">en primera convocatoria y a las <\/span><\/strong><strong style=\"mso-bidi-font-weight: normal;\"><span style=\"line-height: 115%; font-size: 14pt;\">20:30<\/span><\/strong><strong style=\"mso-bidi-font-weight: normal;\"><span style=\"line-height: 115%; font-size: 12pt;\"> en segunda, esta se celebro en el roc\u00f3dromo Caverock.<\/span><\/strong><\/span><\/p>\n<p class=\"MsoNormal\" style=\"margin: 0cm 0cm 10pt; text-align: center;\"><span style=\"font-family: Calibri;\"><strong style=\"mso-bidi-font-weight: normal;\"><span style=\"line-height: 115%; font-size: 12pt;\">ORDEN DEL DIA<br \/>\n<\/span><\/strong><\/span><\/p>\n<p class=\"MsoNormal\" style=\"margin: 0cm 0cm 10pt;\"><span style=\"line-height: 115%; font-size: 10pt;\"><span style=\"font-family: Calibri;\">Estuvieron presentes la Directiva y se dio por comenzada la reuni\u00f3n con un total de 21 asistentes, comenzando con la lectura del acta anterior y aprobada por unanimidad.<\/span><\/span><\/p>\n<p class=\"MsoNormal\" style=\"margin: 0cm 0cm 10pt;\"><span style=\"line-height: 115%; font-size: 10pt;\"><span style=\"font-family: Calibri;\">Se aprob\u00f3 con 16 votos a favor y 3 obtenciones ,el adelanto de 20 euros de la cuota 2011,esta cuota ser\u00e1 de 195 euros para los socios antiguos y de 220 euros para todos los socios nuevos que entren a partir del 1 de enero de 2011,por lo que todos los socios que en a\u00f1o 2010 <span style=\"mso-spacerun: yes;\"> <\/span>tengan la seguridad de renovar<span style=\"mso-spacerun: yes;\"> <\/span>su anualidad tendr\u00e1n que hacer el ingreso de los 20 euros antes del 01\/11\/2010<span style=\"mso-spacerun: yes;\"> <\/span>de esta manera se descontara de la cuota del 2011 por lo que su importe final ser\u00e1 de 175 euros.<\/span><\/span><\/p>\n<p class=\"MsoNormal\" style=\"margin: 0cm 0cm 10pt;\"><span style=\"font-family: Calibri;\"><span style=\"line-height: 115%; font-size: 10pt;\">En lo que se refiere a la obra del roc\u00f3dromo caverock ,se aprob\u00f3 con 17 votos a favor y dos abstenciones, se empezaran las mismas el d\u00eda 19 de julio de 2010 teniendo a vuestra disposici\u00f3n las instalaciones del roc\u00f3dromo de Ofra de 17:00 a 21:00 <span style=\"mso-spacerun: yes;\"> <\/span>horas, se agradecer\u00e1 a todos aquellos que quieran ayudar en la misma, sobre todo para la bajada de las presas para de esta manera agilizar todos los trabajos posteriores ,la duraci\u00f3n de la obra ser\u00e1 de aproximadamente 30 d\u00edas a partir de la fecha de comienzo.<\/span><span style=\"line-height: 115%; font-size: 12pt;\"> <\/span><\/span><\/p>\n<p class=\"MsoNormal\" style=\"margin: 0cm 0cm 10pt;\"><span style=\"line-height: 115%; font-size: 10pt;\"><span style=\"font-family: Calibri;\">Se aprueba con 18 votos a favor y una abstenci\u00f3n con la continuidad de la directiva actual por lo que da comienzo un nuevo mandato de cuatro a\u00f1os.<\/span><\/span><\/p>\n<p class=\"MsoNormal\" style=\"margin: 0cm 0cm 10pt;\"><span style=\"line-height: 115%; font-size: 10pt;\"><span style=\"font-family: Calibri;\">A partir del final de la obra la persona responsable de los taladros y material de equipamiento ser\u00e1 Javier Martin Carbajal, por lo que cualquier petici\u00f3n del mismo tendr\u00e1 que ponerse en contacto con la persona antes mencionada. Tel\u00e9fono 609482243.<\/span><\/span><\/p>\n<p class=\"MsoNormal\" style=\"margin: 0cm 0cm 10pt;\"><span style=\"line-height: 115%; font-size: 10pt;\"><span style=\"font-family: Calibri;\"> <\/span><\/span><\/p>\n<p class=\"MsoListParagraphCxSpFirst\" style=\"margin: 0cm 0cm 0pt 36pt;\"><span style=\"line-height: 115%; font-size: 12pt;\"><span style=\"font-family: Calibri;\">El Presidente Alejandro Ojeda Baquero.<\/span><\/span><\/p>\n<p class=\"MsoListParagraphCxSpMiddle\" style=\"margin: 0cm 0cm 0pt 36pt;\"><span style=\"line-height: 115%; font-size: 12pt;\"><span style=\"font-family: Calibri;\">La Laguna a 18 de junio de 2010.<\/span><\/span><\/p>\n<p class=\"MsoListParagraphCxSpMiddle\" style=\"margin: 0cm 0cm 0pt 36pt;\"><span style=\"line-height: 115%; font-size: 12pt;\"><span style=\"font-family: Calibri;\"> <\/span><\/span><\/p>\n<p class=\"MsoListParagraphCxSpLast\" style=\"margin: 0cm 0cm 10pt 36pt;\"><span style=\"line-height: 115%; font-size: 12pt;\"><span style=\"font-family: Calibri;\"> <\/span><\/span><\/p>\n","protected":false},"excerpt":{"rendered":"<p>Don Alejandro Ojeda Baquero, presidente del Club Deportivo Caverock, sito en la calle Tamarco n\u00ba13 bajo, La Laguna, Tenerife. Celebrada la JUNTA GENERAL ORDINARIA DE SOCIOS que tuvo lugar el d\u00eda 18 de junio de 2010 a las 20:00 horas en primera convocatoria y a las 20:30 en segunda, esta se celebro en el roc\u00f3dromo [&hellip;]<\/p>\n","protected":false},"author":2,"featured_media":0,"comment_status":"closed","ping_status":"open","sticky":false,"template":"","format":"standard","meta":{"footnotes":""},"categories":[1],"tags":[],"class_list":["post-290","post","type-post","status-publish","format-standard","hentry","category-uncategorized"],"_links":{"self":[{"href":"https:\/\/www.cdcaverock.es\/index.php?rest_route=\/wp\/v2\/posts\/290","targetHints":{"allow":["GET"]}}],"collection":[{"href":"https:\/\/www.cdcaverock.es\/index.php?rest_route=\/wp\/v2\/posts"}],"about":[{"href":"https:\/\/www.cdcaverock.es\/index.php?rest_route=\/wp\/v2\/types\/post"}],"author":[{"embeddable":true,"href":"https:\/\/www.cdcaverock.es\/index.php?rest_route=\/wp\/v2\/users\/2"}],"replies":[{"embeddable":true,"href":"https:\/\/www.cdcaverock.es\/index.php?rest_route=%2Fwp%2Fv2%2Fcomments&post=290"}],"version-history":[{"count":4,"href":"https:\/\/www.cdcaverock.es\/index.php?rest_route=\/wp\/v2\/posts\/290\/revisions"}],"predecessor-version":[{"id":291,"href":"https:\/\/www.cdcaverock.es\/index.php?rest_route=\/wp\/v2\/posts\/290\/revisions\/291"}],"wp:attachment":[{"href":"https:\/\/www.cdcaverock.es\/index.php?rest_route=%2Fwp%2Fv2%2Fmedia&parent=290"}],"wp:term":[{"taxonomy":"category","embeddable":true,"href":"https:\/\/www.cdcaverock.es\/index.php?rest_route=%2Fwp%2Fv2%2Fcategories&post=290"},{"taxonomy":"post_tag","embeddable":true,"href":"https:\/\/www.cdcaverock.es\/index.php?rest_route=%2Fwp%2Fv2%2Ftags&post=290"}],"curies":[{"name":"wp","href":"https:\/\/api.w.org\/{rel}","templated":true}]}}