{"id":212,"date":"2010-04-30T06:00:17","date_gmt":"2010-04-30T04:00:17","guid":{"rendered":"http:\/\/www.cdcaverock.es\/?p=212"},"modified":"2010-07-04T22:20:19","modified_gmt":"2010-07-04T20:20:19","slug":"clacificaciones-y-acta-arbitral-copa-cabildo1%c2%aa-prueba","status":"publish","type":"post","link":"https:\/\/www.cdcaverock.es\/?p=212","title":{"rendered":"Clacificaciones y acta arbitral Copa Cabildo.1\u00aa PRUEBA."},"content":{"rendered":"<p class=\"MsoNormal\" style=\"margin: 0cm 0cm 10pt;\"><span style=\"font-family: Calibri; font-size: small;\">M\u00e1s vale tarde que nunca&#8230;<\/span><\/p>\n<div class=\"mceTemp mceIEcenter\">\n<div id=\"attachment_226\" style=\"width: 210px\" class=\"wp-caption aligncenter\"><img loading=\"lazy\" decoding=\"async\" aria-describedby=\"caption-attachment-226\" class=\"size-medium wp-image-226\" title=\"Alberto Pelaez en semifinales.\" src=\"https:\/\/www.cdcaverock.es\/fotos\/2010\/04\/img_01531-200x300.jpg\" alt=\"Copa Cabildo 2010.\" width=\"200\" height=\"300\" srcset=\"https:\/\/www.cdcaverock.es\/fotos\/2010\/04\/img_01531-200x300.jpg 200w, https:\/\/www.cdcaverock.es\/fotos\/2010\/04\/img_01531-682x1024.jpg 682w\" sizes=\"auto, (max-width: 200px) 100vw, 200px\" \/><p id=\"caption-attachment-226\" class=\"wp-caption-text\">Copa Cabildo 2010.<\/p><\/div>\n<\/div>\n<p class=\"MsoNormal\" style=\"margin: 0cm 0cm 10pt;\">\n<p class=\"MsoNormal\" style=\"margin: 0cm 0cm 10pt;\">\n<p class=\"MsoNormal\" style=\"margin: 0cm 0cm 10pt;\"><span style=\"font-family: Calibri; font-size: small;\">Despu\u00e9s de casi diez a\u00f1os organizando eventos el club se encuentra en un buen momento, la participaci\u00f3n de este a\u00f1o fue buena, al tratarse de una competici\u00f3n solo para federados.<\/span><\/p>\n<p class=\"MsoNormal\" style=\"margin: 0cm 0cm 10pt;\"><span style=\"font-family: Calibri; font-size: small;\">Entre todas las categor\u00edas fueron 38 participantes, incluidos la canterita que son los menores de 12 a\u00f1os, felices por la participaci\u00f3n de las femeninas que fueron cinco ya que el a\u00f1o pasado solo participo una, en absolutos masculinos veintitr\u00e9s, cuatro participante en categor\u00edas sub 16 y seis participantes sub 12.<\/span><\/p>\n<p class=\"MsoNormal\" style=\"margin: 0cm 0cm 10pt;\"><span style=\"font-family: Calibri; font-size: small;\">Este club siempre ha intentado seguir una l\u00ednea contribuir con el deporte y m\u00e1s aun con la escalada, darles las gracias a nuestros socio por seguir contribuyendo con<span style=\"mso-spacerun: yes;\"> <\/span>el Caverock.<\/span><\/p>\n<p class=\"MsoNormal\" style=\"margin: 0cm 0cm 10pt;\"><span style=\"font-family: Calibri; font-size: small;\">Felicitar a todos aquellos que nos han ayudado para<span style=\"mso-spacerun: yes;\"> <\/span>que esta compe saliera adelante, como persona visible del caverock tengo que agradecer a personas con nombre lo satisfecho que me encuentro, gracias a Iv\u00e1n y Tito por asegurar a los participante, gracias tambi\u00e9n a Tadeo,Iker,Nora,Oscar,Gerardo que me ayudaron a bajar las presas y limpiarlas, gracias tambi\u00e9n a Jimy ya que tuvo que ejercer de ayudante de \u00e1rbitro, gracias a Ruiman por probar las v\u00edas ,a Jorge como equipador de la prueba, un fuerte abrazo ya que personas como tu son los que me ayudan a seguir en esto y como no gracias a tod@s los escaladores que participaron en la primera prueba de la Copa Cabildo, a las tiendas de monta\u00f1a OUTDOOR y BASALTO, a COCACOLA,DANONE,DIMUROL FACHADAS,MUSI.COM Y KIWI DROGERIAS.<\/span><\/p>\n<p class=\"MsoNormal\" style=\"margin: 0cm 0cm 10pt;\"><span style=\"font-family: Calibri; font-size: small;\">A Don D\u00e1maso Arteaga Concejero de deportes del Cabildo de Tenerife muchas gracias por la colaboraci\u00f3n<span style=\"mso-spacerun: yes;\"> <\/span>y al<span style=\"mso-spacerun: yes;\"> <\/span>Organismo Aut\u00f3nomo de Deportes de Santa Cruz de Tenerife.<\/span><\/p>\n<p class=\"MsoNormal\" style=\"margin: 0cm 0cm 10pt;\"><span style=\"font-family: Calibri; font-size: small;\">Gracias a la Federaci\u00f3n Tinerfe\u00f1a y Federaci\u00f3n Canaria de Monta\u00f1a por la colaboraci\u00f3n prestada durante todo el calendario.<\/span><\/p>\n<p class=\"MsoNormal\" style=\"margin: 0cm 0cm 10pt;\"><span style=\"font-family: Calibri; font-size: small;\">Esperando vernos nuevamente en la segunda prueba de esta Copa Cabildo 2010.<\/span><\/p>\n","protected":false},"excerpt":{"rendered":"<p>M\u00e1s vale tarde que nunca&#8230; Despu\u00e9s de casi diez a\u00f1os organizando eventos el club se encuentra en un buen momento, la participaci\u00f3n de este a\u00f1o fue buena, al tratarse de una competici\u00f3n solo para federados. Entre todas las categor\u00edas fueron 38 participantes, incluidos la canterita que son los menores de 12 a\u00f1os, felices por la [&hellip;]<\/p>\n","protected":false},"author":2,"featured_media":0,"comment_status":"closed","ping_status":"open","sticky":false,"template":"","format":"standard","meta":{"footnotes":""},"categories":[1],"tags":[],"class_list":["post-212","post","type-post","status-publish","format-standard","hentry","category-uncategorized"],"_links":{"self":[{"href":"https:\/\/www.cdcaverock.es\/index.php?rest_route=\/wp\/v2\/posts\/212","targetHints":{"allow":["GET"]}}],"collection":[{"href":"https:\/\/www.cdcaverock.es\/index.php?rest_route=\/wp\/v2\/posts"}],"about":[{"href":"https:\/\/www.cdcaverock.es\/index.php?rest_route=\/wp\/v2\/types\/post"}],"author":[{"embeddable":true,"href":"https:\/\/www.cdcaverock.es\/index.php?rest_route=\/wp\/v2\/users\/2"}],"replies":[{"embeddable":true,"href":"https:\/\/www.cdcaverock.es\/index.php?rest_route=%2Fwp%2Fv2%2Fcomments&post=212"}],"version-history":[{"count":15,"href":"https:\/\/www.cdcaverock.es\/index.php?rest_route=\/wp\/v2\/posts\/212\/revisions"}],"predecessor-version":[{"id":230,"href":"https:\/\/www.cdcaverock.es\/index.php?rest_route=\/wp\/v2\/posts\/212\/revisions\/230"}],"wp:attachment":[{"href":"https:\/\/www.cdcaverock.es\/index.php?rest_route=%2Fwp%2Fv2%2Fmedia&parent=212"}],"wp:term":[{"taxonomy":"category","embeddable":true,"href":"https:\/\/www.cdcaverock.es\/index.php?rest_route=%2Fwp%2Fv2%2Fcategories&post=212"},{"taxonomy":"post_tag","embeddable":true,"href":"https:\/\/www.cdcaverock.es\/index.php?rest_route=%2Fwp%2Fv2%2Ftags&post=212"}],"curies":[{"name":"wp","href":"https:\/\/api.w.org\/{rel}","templated":true}]}}