{"id":1891,"date":"2020-03-12T14:35:25","date_gmt":"2020-03-12T20:35:25","guid":{"rendered":"http:\/\/www.cdcaverock.es\/?p=1891"},"modified":"2020-03-12T14:35:25","modified_gmt":"2020-03-12T20:35:25","slug":"comunicado","status":"publish","type":"post","link":"https:\/\/www.cdcaverock.es\/?p=1891","title":{"rendered":"COMUNICADO."},"content":{"rendered":"\n<p> Debido a las circunstancias excepcionales que estamos viviendo y dada las recomendaciones del Gobierno de Canarias y del estado la junta directiva, ha decidido cerrar el roc\u00f3dromo por lo menos durante los pr\u00f3ximos&nbsp; 15 d\u00edas. Se proceder\u00e1 a cambiar la cerradura temporalmente durante ese periodo, es responsabilidad de todos y todas llevar a cabo las medidas impuestas.<\/p>\n\n\n\n<p>Se proceder\u00e1 al cambio de cerradura ma\u00f1ana d\u00eda 13 de marzo de 2020.<\/p>\n\n\n\n<p> Sin otro particular la directiva.  <\/p>\n\n\n\n<p>Comunicado de la Federaci\u00f3n Canaria de Monta\u00f1a.<\/p>\n\n\n\n<p>Estimado\/a\/s Sr\/a\/s:<\/p>\n\n\n\n<p>Por &nbsp;la presente y en &nbsp;mi condici\u00f3n de&nbsp; Presidenta de &nbsp;la Federaci\u00f3n Canaria de Monta\u00f1ismo\n&nbsp;(FECAMON), &nbsp;vengo &nbsp;a\n&nbsp;comunicarles &nbsp;la\n&nbsp;necesidad &nbsp;y conveniencia\ndel &nbsp;estricto &nbsp;cumplimiento\n&nbsp;de &nbsp;las &nbsp;recomendaciones &nbsp;y prohibiciones\n&nbsp;realizadas\npor los Gobiernos &nbsp;de &nbsp;Espa\u00f1a y por el\n&nbsp;Gobierno &nbsp;de &nbsp;Canarias sobre el &nbsp;COVID-<\/p>\n\n\n\n<p>19. En lo referente al \u00e1mbito de nuestra actividad deportiva quiero informar que\nse &nbsp;suspende&nbsp; por&nbsp; &nbsp;plazo\n&nbsp;de&nbsp; &nbsp;quince &nbsp;d\u00edas &nbsp;a&nbsp;\n&nbsp;partir &nbsp;del &nbsp;presente,\n&nbsp;cualquier competici\u00f3n &nbsp;deportiva &nbsp;organizada\n&nbsp;por &nbsp;la &nbsp;Federaci\u00f3n, &nbsp;todo &nbsp;ello\n&nbsp;sin &nbsp;perjuicio\n&nbsp;de las&nbsp;&nbsp; pr\u00f3rrogas\n&nbsp;que&nbsp; &nbsp;posteriormente&nbsp; &nbsp;se &nbsp;pudieran&nbsp;&nbsp; acordar. &nbsp;Respecto &nbsp;a&nbsp;\n&nbsp;las actividades&nbsp;&nbsp; deportivas&nbsp; &nbsp;a&nbsp;\n&nbsp;realizar&nbsp; &nbsp;por&nbsp; &nbsp;los&nbsp;&nbsp; Clubes&nbsp; &nbsp;y\/o&nbsp; &nbsp;sus &nbsp;federados&nbsp;\n&nbsp;se recomienda\n&nbsp;su no &nbsp;realizaci\u00f3n &nbsp;hasta tanto &nbsp;haya &nbsp;un\n&nbsp;cambio &nbsp;de &nbsp;circunstancias que\n&nbsp;no pongan en &nbsp;peligro el posible contagio y la salud de los participantes ya\nque&nbsp; &nbsp;es prioritario\n&nbsp;salvaguardar &nbsp;la\n&nbsp;salud &nbsp;de &nbsp;los\n&nbsp;deportistas &nbsp;y &nbsp;de&nbsp;&nbsp;\ntodos &nbsp;los implicados en la realizaci\u00f3n de los eventos.<\/p>\n\n\n\n<p>Ruego la m\u00e1xima difusi\u00f3n\nde&nbsp; la presente comunicaci\u00f3n habida cuenta de&nbsp;\nla situaci\u00f3n de emergencia sanitaria existente en estos momentos.<\/p>\n\n\n\n<p>Sin otro particular, reciban un cordial saludo<\/p>\n\n\n\n<p>Concepci\u00f3n Frauendorff L\u00f3pez<\/p>\n\n\n\n<p>Presidenta de la Federaci\u00f3n Canaria de Monta\u00f1ismo<\/p>\n","protected":false},"excerpt":{"rendered":"<p>Debido a las circunstancias excepcionales que estamos viviendo y dada las recomendaciones del Gobierno de Canarias y del estado la junta directiva, ha decidido cerrar el roc\u00f3dromo por lo menos durante los pr\u00f3ximos&nbsp; 15 d\u00edas. Se proceder\u00e1 a cambiar la cerradura temporalmente durante ese periodo, es responsabilidad de todos y todas llevar a cabo las [&hellip;]<\/p>\n","protected":false},"author":2,"featured_media":0,"comment_status":"closed","ping_status":"open","sticky":false,"template":"","format":"standard","meta":{"footnotes":""},"categories":[1],"tags":[],"class_list":["post-1891","post","type-post","status-publish","format-standard","hentry","category-uncategorized"],"_links":{"self":[{"href":"https:\/\/www.cdcaverock.es\/index.php?rest_route=\/wp\/v2\/posts\/1891","targetHints":{"allow":["GET"]}}],"collection":[{"href":"https:\/\/www.cdcaverock.es\/index.php?rest_route=\/wp\/v2\/posts"}],"about":[{"href":"https:\/\/www.cdcaverock.es\/index.php?rest_route=\/wp\/v2\/types\/post"}],"author":[{"embeddable":true,"href":"https:\/\/www.cdcaverock.es\/index.php?rest_route=\/wp\/v2\/users\/2"}],"replies":[{"embeddable":true,"href":"https:\/\/www.cdcaverock.es\/index.php?rest_route=%2Fwp%2Fv2%2Fcomments&post=1891"}],"version-history":[{"count":3,"href":"https:\/\/www.cdcaverock.es\/index.php?rest_route=\/wp\/v2\/posts\/1891\/revisions"}],"predecessor-version":[{"id":1894,"href":"https:\/\/www.cdcaverock.es\/index.php?rest_route=\/wp\/v2\/posts\/1891\/revisions\/1894"}],"wp:attachment":[{"href":"https:\/\/www.cdcaverock.es\/index.php?rest_route=%2Fwp%2Fv2%2Fmedia&parent=1891"}],"wp:term":[{"taxonomy":"category","embeddable":true,"href":"https:\/\/www.cdcaverock.es\/index.php?rest_route=%2Fwp%2Fv2%2Fcategories&post=1891"},{"taxonomy":"post_tag","embeddable":true,"href":"https:\/\/www.cdcaverock.es\/index.php?rest_route=%2Fwp%2Fv2%2Ftags&post=1891"}],"curies":[{"name":"wp","href":"https:\/\/api.w.org\/{rel}","templated":true}]}}