{"id":159,"date":"2009-12-11T16:49:57","date_gmt":"2009-12-11T14:49:57","guid":{"rendered":"http:\/\/www.cdcaverock.es\/?p=159"},"modified":"2009-12-11T16:49:57","modified_gmt":"2009-12-11T14:49:57","slug":"suspendida-la-junta-extraordinaria","status":"publish","type":"post","link":"https:\/\/www.cdcaverock.es\/?p=159","title":{"rendered":"SUSPENDIDA LA JUNTA EXTRAORDINARIA."},"content":{"rendered":"<p class=\"MsoListParagraphCxSpFirst\" style=\"text-indent: -18pt; margin: 0cm 0cm 0pt 36pt; mso-list: l0 level1 lfo1;\"><span style=\"line-height: 115%; font-family: Symbol; font-size: 12pt; mso-fareast-font-family: Symbol; mso-bidi-font-family: Symbol;\"><span style=\"mso-list: Ignore;\">\u00b7<span style=\"font: 7pt &quot;Times New Roman&quot;;\">\u00a0\u00a0\u00a0\u00a0\u00a0\u00a0 <\/span><\/span><\/span><strong style=\"mso-bidi-font-weight: normal;\"><span style=\"line-height: 115%; font-size: 12pt;\"><span style=\"font-family: Calibri;\">Despu\u00e9s de hablar con los socios que han propuesto lo del cambio de sala, hemos llegado a una conclusi\u00f3n, la cual es que nos quedaremos en la sala actual, que se har\u00e1 la reforma en el mes de agosto,<span style=\"mso-spacerun: yes;\">\u00a0 <\/span>por lo que cuando estemos en obras podr\u00e1n entrenar en el roc\u00f3dromo <span style=\"mso-spacerun: yes;\">\u00a0<\/span>Cesar Casariego, la cuota del Caverock para el 2010 ser\u00e1 de <span style=\"color: red;\">220<\/span> euros, teniendo como fecha l\u00edmite para el ingreso el d\u00eda 5 de febrero de 2010.<\/span><\/span><\/strong><\/p>\n<p class=\"MsoListParagraphCxSpMiddle\" style=\"text-indent: -18pt; margin: 0cm 0cm 0pt 36pt; mso-list: l0 level1 lfo1;\"><span style=\"line-height: 115%; font-family: Symbol; font-size: 12pt; mso-fareast-font-family: Symbol; mso-bidi-font-family: Symbol;\"><span style=\"mso-list: Ignore;\">\u00b7<span style=\"font: 7pt &quot;Times New Roman&quot;;\">\u00a0\u00a0\u00a0\u00a0\u00a0\u00a0 <\/span><\/span><\/span><strong style=\"mso-bidi-font-weight: normal;\"><span style=\"line-height: 115%; font-size: 12pt;\"><span style=\"font-family: Calibri;\">La directiva se compromete en el a\u00f1o 2010 a buscar un sal\u00f3n que se encuentre dentro del \u00e1rea metropolitana de La Laguna, la posibilidad de cambiarnos de sala siempre ha estado en nuestras iniciativas lo que tambi\u00e9n es verdad que las posibilidades econ\u00f3micas son las que son y que todos los a\u00f1os buscar nuevos socios es una de nuestras metas, pero la m\u00e1s importante es que tengamos una sala donde entrenar.<\/span><\/span><\/strong><\/p>\n<p class=\"MsoListParagraphCxSpLast\" style=\"text-indent: -18pt; margin: 0cm 0cm 10pt 36pt; mso-list: l0 level1 lfo1;\"><span style=\"line-height: 115%; font-family: Symbol; font-size: 12pt; mso-fareast-font-family: Symbol; mso-bidi-font-family: Symbol;\"><span style=\"mso-list: Ignore;\">\u00b7<span style=\"font: 7pt &quot;Times New Roman&quot;;\">\u00a0\u00a0\u00a0\u00a0\u00a0\u00a0 <\/span><\/span><\/span><strong style=\"mso-bidi-font-weight: normal;\"><span style=\"line-height: 115%; font-size: 12pt;\"><span style=\"font-family: Calibri;\">Se recuerda a todos los socios que a partir de esta fecha se pueden presentar a la presidencia del roc\u00f3dromo siguiendo el procedimiento de votaciones el pr\u00f3ximo d\u00eda 5<span style=\"mso-spacerun: yes;\">\u00a0 <\/span>de marzo de 2010, para poder presentar la nueva directiva tendr\u00e1n que hacerlo por escrito y presentar por duplicado a la actual junta directiva antes del 19 de febrero de 2010.<\/span><\/span><\/strong><\/p>\n<p class=\"MsoNormal\" style=\"margin: 0cm 0cm 10pt;\"><strong style=\"mso-bidi-font-weight: normal;\"><span style=\"line-height: 115%; font-size: 12pt;\"><span style=\"font-family: Calibri;\">LA DIRECTIVA.<\/span><\/span><\/strong><\/p>\n<p class=\"MsoNormal\" style=\"margin: 0cm 0cm 10pt;\"><strong style=\"mso-bidi-font-weight: normal;\"><span style=\"line-height: 115%; font-size: 12pt;\"><span style=\"font-family: Calibri;\">La Laguna a 11 de diciembre de 2009. <\/span><\/span><\/strong><\/p>\n<p class=\"MsoListParagraph\" style=\"margin: 0cm 0cm 10pt 72pt; mso-add-space: auto;\"><span style=\"line-height: 115%; font-size: 9pt;\"><span style=\"font-family: Calibri;\">\u00a0<\/span><\/span><\/p>\n","protected":false},"excerpt":{"rendered":"<p>\u00b7\u00a0\u00a0\u00a0\u00a0\u00a0\u00a0 Despu\u00e9s de hablar con los socios que han propuesto lo del cambio de sala, hemos llegado a una conclusi\u00f3n, la cual es que nos quedaremos en la sala actual, que se har\u00e1 la reforma en el mes de agosto,\u00a0 por lo que cuando estemos en obras podr\u00e1n entrenar en el roc\u00f3dromo \u00a0Cesar Casariego, la [&hellip;]<\/p>\n","protected":false},"author":2,"featured_media":0,"comment_status":"closed","ping_status":"open","sticky":false,"template":"","format":"standard","meta":{"footnotes":""},"categories":[1],"tags":[],"class_list":["post-159","post","type-post","status-publish","format-standard","hentry","category-uncategorized"],"_links":{"self":[{"href":"https:\/\/www.cdcaverock.es\/index.php?rest_route=\/wp\/v2\/posts\/159","targetHints":{"allow":["GET"]}}],"collection":[{"href":"https:\/\/www.cdcaverock.es\/index.php?rest_route=\/wp\/v2\/posts"}],"about":[{"href":"https:\/\/www.cdcaverock.es\/index.php?rest_route=\/wp\/v2\/types\/post"}],"author":[{"embeddable":true,"href":"https:\/\/www.cdcaverock.es\/index.php?rest_route=\/wp\/v2\/users\/2"}],"replies":[{"embeddable":true,"href":"https:\/\/www.cdcaverock.es\/index.php?rest_route=%2Fwp%2Fv2%2Fcomments&post=159"}],"version-history":[{"count":3,"href":"https:\/\/www.cdcaverock.es\/index.php?rest_route=\/wp\/v2\/posts\/159\/revisions"}],"predecessor-version":[{"id":162,"href":"https:\/\/www.cdcaverock.es\/index.php?rest_route=\/wp\/v2\/posts\/159\/revisions\/162"}],"wp:attachment":[{"href":"https:\/\/www.cdcaverock.es\/index.php?rest_route=%2Fwp%2Fv2%2Fmedia&parent=159"}],"wp:term":[{"taxonomy":"category","embeddable":true,"href":"https:\/\/www.cdcaverock.es\/index.php?rest_route=%2Fwp%2Fv2%2Fcategories&post=159"},{"taxonomy":"post_tag","embeddable":true,"href":"https:\/\/www.cdcaverock.es\/index.php?rest_route=%2Fwp%2Fv2%2Ftags&post=159"}],"curies":[{"name":"wp","href":"https:\/\/api.w.org\/{rel}","templated":true}]}}