{"id":1534,"date":"2014-09-03T02:36:22","date_gmt":"2014-09-03T08:36:22","guid":{"rendered":"http:\/\/www.cdcaverock.es\/?p=1534"},"modified":"2014-10-16T03:25:01","modified_gmt":"2014-10-16T09:25:01","slug":"calendario-de-encuentros-de-escalada-2014","status":"publish","type":"post","link":"https:\/\/www.cdcaverock.es\/?p=1534","title":{"rendered":"CALENDARIO DE ENCUENTROS DE ESCALADA 2014."},"content":{"rendered":"<p>Nuevamente \u00a0nuestra Federaci\u00f3n Canaria de Monta\u00f1a apuesta por las empresas privadas antes que los clubs, este club conjuntamente con el Buril hab\u00edamos presentado una propuesta para hacer un encuentro de Escalada y Boulder en el roc\u00f3dromo de Ofra y\u00a0 esta federaci\u00f3n no fue capaz de contestar, nos enteramos hoy que los sitios elegidos son los de este <a href=\"https:\/\/www.cdcaverock.es\/fotos\/2014\/09\/Calendario-Oficial-Encuentros-Escalada-2014.pdf\">Calendario Oficial Encuentros Escalada 2014<\/a>, j\u00fazguenlo \u00a0ustedes mismos, nuestro club con m\u00e1s de 200 federados por lo visto no merecemos absolutamente nada, eso que van a hacer en una empresa privada era nuestro proyecto, \u00a1\u00a1NO TIENEN VERG\u00dcENZA!!<\/p>\n<p>Por otro lado nueva rectificaci\u00f3n del calendario de competiciones de la FECAMON, por lo visto no se han enterado que lo que se puede cambiar es la sede, nunca la fecha de la competici\u00f3n, entonces como los deportistas se preparan una competici\u00f3n cambiando las fechas constantemente.<\/p>\n<p>Les remito correo que enviaron anoche la FECAMON:<\/p>\n<div>La segunda prueba del Campeonato de Canarias de Escalada de Dificultad a celebrar el 13 de septiembre en el Parque Juan Pablo II de Las Palmas de Gran Canaria debe aplazarse por causas de fuerza mayor.<\/div>\n<div>A\u00fan sin confirmaci\u00f3n definitiva, la fecha probable para disputar esta prueba ser\u00e1 el 22 de noviembre.<\/div>\n<div>Aportaremos m\u00e1s informaci\u00f3n en referencia a este asunto.<\/div>\n<div>Saludos<\/div>\n<div><\/div>\n<div>\n<div style=\"color: #222222;\">\n<div><strong>Servicio de Informaci\u00f3n<\/strong><\/div>\n<div><strong>Federaci\u00f3n Canaria de Monta\u00f1ismo<\/strong><\/div>\n<\/div>\n<\/div>\n","protected":false},"excerpt":{"rendered":"<p>Nuevamente \u00a0nuestra Federaci\u00f3n Canaria de Monta\u00f1a apuesta por las empresas privadas antes que los clubs, este club conjuntamente con el Buril hab\u00edamos presentado una propuesta para hacer un encuentro de Escalada y Boulder en el roc\u00f3dromo de Ofra y\u00a0 esta federaci\u00f3n no fue capaz de contestar, nos enteramos hoy que los sitios elegidos son los [&hellip;]<\/p>\n","protected":false},"author":2,"featured_media":0,"comment_status":"closed","ping_status":"open","sticky":false,"template":"","format":"standard","meta":{"footnotes":""},"categories":[1],"tags":[],"class_list":["post-1534","post","type-post","status-publish","format-standard","hentry","category-uncategorized"],"_links":{"self":[{"href":"https:\/\/www.cdcaverock.es\/index.php?rest_route=\/wp\/v2\/posts\/1534","targetHints":{"allow":["GET"]}}],"collection":[{"href":"https:\/\/www.cdcaverock.es\/index.php?rest_route=\/wp\/v2\/posts"}],"about":[{"href":"https:\/\/www.cdcaverock.es\/index.php?rest_route=\/wp\/v2\/types\/post"}],"author":[{"embeddable":true,"href":"https:\/\/www.cdcaverock.es\/index.php?rest_route=\/wp\/v2\/users\/2"}],"replies":[{"embeddable":true,"href":"https:\/\/www.cdcaverock.es\/index.php?rest_route=%2Fwp%2Fv2%2Fcomments&post=1534"}],"version-history":[{"count":3,"href":"https:\/\/www.cdcaverock.es\/index.php?rest_route=\/wp\/v2\/posts\/1534\/revisions"}],"predecessor-version":[{"id":1538,"href":"https:\/\/www.cdcaverock.es\/index.php?rest_route=\/wp\/v2\/posts\/1534\/revisions\/1538"}],"wp:attachment":[{"href":"https:\/\/www.cdcaverock.es\/index.php?rest_route=%2Fwp%2Fv2%2Fmedia&parent=1534"}],"wp:term":[{"taxonomy":"category","embeddable":true,"href":"https:\/\/www.cdcaverock.es\/index.php?rest_route=%2Fwp%2Fv2%2Fcategories&post=1534"},{"taxonomy":"post_tag","embeddable":true,"href":"https:\/\/www.cdcaverock.es\/index.php?rest_route=%2Fwp%2Fv2%2Ftags&post=1534"}],"curies":[{"name":"wp","href":"https:\/\/api.w.org\/{rel}","templated":true}]}}