{"id":1515,"date":"2014-06-17T03:54:16","date_gmt":"2014-06-17T09:54:16","guid":{"rendered":"http:\/\/www.cdcaverock.es\/?p=1515"},"modified":"2014-10-16T03:25:01","modified_gmt":"2014-10-16T09:25:01","slug":"los-realejos1a-prueba-copa-canaria-de-escalada-de-dificultad","status":"publish","type":"post","link":"https:\/\/www.cdcaverock.es\/?p=1515","title":{"rendered":"LOS REALEJOS,1\u00aa PRUEBA COPA CANARIA DE ESCALADA DE DIFICULTAD."},"content":{"rendered":"<p><a href=\"https:\/\/www.cdcaverock.es\/fotos\/2014\/06\/podium-Relaejos-juveniles-fem..jpg\"><img loading=\"lazy\" decoding=\"async\" class=\"aligncenter wp-image-1516 size-medium\" src=\"https:\/\/www.cdcaverock.es\/fotos\/2014\/06\/podium-Relaejos-juveniles-fem.-221x300.jpg\" alt=\"podium Relaejos juveniles fem.\" width=\"221\" height=\"300\" srcset=\"https:\/\/www.cdcaverock.es\/fotos\/2014\/06\/podium-Relaejos-juveniles-fem.-221x300.jpg 221w, https:\/\/www.cdcaverock.es\/fotos\/2014\/06\/podium-Relaejos-juveniles-fem.-442x600.jpg 442w, https:\/\/www.cdcaverock.es\/fotos\/2014\/06\/podium-Relaejos-juveniles-fem..jpg 769w\" sizes=\"auto, (max-width: 221px) 100vw, 221px\" \/><\/a>\u00a0 \u00a0 \u00a0 \u00a0 \u00a0 \u00a0 \u00a0 \u00a0 \u00a0 \u00a0 \u00a0 \u00a0 \u00a0 \u00a0 \u00a0 \u00a0 \u00a0 \u00a0 \u00a0 \u00a0 \u00a0 \u00a0 \u00a0 \u00a0 \u00a0 \u00a0 \u00a0 \u00a0 \u00a0 \u00a0 \u00a0 \u00a0 \u00a0 \u00a0 \u00a0 \u00a0 \u00a0 \u00a0 \u00a0 \u00a0 \u00a0 \u00a0 \u00a0 \u00a0 \u00a0 \u00a0 \u00a0 \u00a0 \u00a0 \u00a0 \u00a0 \u00a0 \u00a0 \u00a0 \u00a0 \u00a0 \u00a0 \u00a0 \u00a0 \u00a0 \u00a0Paula Blanco 1\u00aa<\/p>\n<p><a href=\"https:\/\/www.cdcaverock.es\/fotos\/2014\/06\/podium-los-Realejos-juveniles..jpg\"><img loading=\"lazy\" decoding=\"async\" class=\"aligncenter wp-image-1517 size-medium\" src=\"https:\/\/www.cdcaverock.es\/fotos\/2014\/06\/podium-los-Realejos-juveniles.-233x300.jpg\" alt=\"podium los Realejos juveniles.\" width=\"233\" height=\"300\" srcset=\"https:\/\/www.cdcaverock.es\/fotos\/2014\/06\/podium-los-Realejos-juveniles.-233x300.jpg 233w, https:\/\/www.cdcaverock.es\/fotos\/2014\/06\/podium-los-Realejos-juveniles.-467x600.jpg 467w, https:\/\/www.cdcaverock.es\/fotos\/2014\/06\/podium-los-Realejos-juveniles..jpg 782w\" sizes=\"auto, (max-width: 233px) 100vw, 233px\" \/><\/a>\u00a0 \u00a0 \u00a0 \u00a0 \u00a0 \u00a0 \u00a0 \u00a0 \u00a0 \u00a0 \u00a0 \u00a0 \u00a0 \u00a0 \u00a0 \u00a0 \u00a0 \u00a0 \u00a0 \u00a0 \u00a0 \u00a0 \u00a0 \u00a0 \u00a0 \u00a0 \u00a0 \u00a0 \u00a0 \u00a0 \u00a0 \u00a0 \u00a0 \u00a0 \u00a0 \u00a0 \u00a0 \u00a0 \u00a0 \u00a0 \u00a0 \u00a0 \u00a0 \u00a0 \u00a0 \u00a0 \u00a0 \u00a0 \u00a0 \u00a0 \u00a0 \u00a0 \u00a0 \u00a0 \u00a0 \u00a0 \u00a0Giovanni Gonz\u00e1lez 3\u00ba<\/p>\n<p>El pasado s\u00e1bado d\u00eda 14 comenz\u00f3 la primera prueba del calendario de la Copa Canaria de Escalada de Dificultad, la cita fue en el roc\u00f3dromo del municipio de los Realejos y organizada por el club Real-Rock.<\/p>\n<p>La prueba comenz\u00f3 con retraso y permitieron las inscripciones hasta una hora despu\u00e9s del cierre de la misma, la organizaci\u00f3n deber\u00eda tomar nota del asunto y convocar a los competidores a las 10 y hacer el cierre de \u00a0inscripciones a las 11, de esta manera comenzar\u00edamos a la hora y no tendr\u00edan que esperar.<\/p>\n<p>Las semifinales fueron con total normalidad, siendo las v\u00edas bastante asequibles para los competidores.<\/p>\n<p>Por la tarde las finales, en los m\u00e1s peques se vieron que quieren escalar m\u00e1s, la v\u00edas muy duras\u2026<\/p>\n<p>En los juveniles masculinos todos caen en un volumen amarillo, exceptuando Elian el cual logra coger una presa mas, por lo tanto la v\u00eda quedo muy deslucida, en las chicas juveniles paso lo mismo ninguna pudo escalar despu\u00e9s del dichoso volumen amarillo.<\/p>\n<p>En la categor\u00eda absoluta femenina faltan competidores, por lo tanto 3 participantes el podio se lo repartieron entre ellas.<\/p>\n<p>En la categor\u00eda absoluta masculina Jerome y Samuel caen en la misma presa y la decisi\u00f3n arbitral cae del lado da Samuel, la v\u00eda estuvo a la altura de estos dos competidores.<\/p>\n<p>El Club Deportivo Caverock quiere felicitar a dos de sus componentes los cuales entrenan en nuestra sala y en el Roc\u00f3dromo de Ofra, Paula Blanco 1\u00aa juveniles \u00a0Y Giovanni Gonz\u00e1lez 3\u00ba juveniles, tambien a Jerome Gonz\u00e1lez por su sengundo puesto.<\/p>\n<p>&nbsp;<\/p>\n<p>&nbsp;<\/p>\n","protected":false},"excerpt":{"rendered":"<p>\u00a0 \u00a0 \u00a0 \u00a0 \u00a0 \u00a0 \u00a0 \u00a0 \u00a0 \u00a0 \u00a0 \u00a0 \u00a0 \u00a0 \u00a0 \u00a0 \u00a0 \u00a0 \u00a0 \u00a0 \u00a0 \u00a0 \u00a0 \u00a0 \u00a0 \u00a0 \u00a0 \u00a0 \u00a0 \u00a0 \u00a0 \u00a0 \u00a0 \u00a0 \u00a0 \u00a0 \u00a0 \u00a0 \u00a0 \u00a0 \u00a0 \u00a0 \u00a0 \u00a0 \u00a0 \u00a0 \u00a0 \u00a0 \u00a0 \u00a0 \u00a0 \u00a0 \u00a0 \u00a0 \u00a0 [&hellip;]<\/p>\n","protected":false},"author":2,"featured_media":0,"comment_status":"closed","ping_status":"open","sticky":false,"template":"","format":"standard","meta":{"footnotes":""},"categories":[1],"tags":[],"class_list":["post-1515","post","type-post","status-publish","format-standard","hentry","category-uncategorized"],"_links":{"self":[{"href":"https:\/\/www.cdcaverock.es\/index.php?rest_route=\/wp\/v2\/posts\/1515","targetHints":{"allow":["GET"]}}],"collection":[{"href":"https:\/\/www.cdcaverock.es\/index.php?rest_route=\/wp\/v2\/posts"}],"about":[{"href":"https:\/\/www.cdcaverock.es\/index.php?rest_route=\/wp\/v2\/types\/post"}],"author":[{"embeddable":true,"href":"https:\/\/www.cdcaverock.es\/index.php?rest_route=\/wp\/v2\/users\/2"}],"replies":[{"embeddable":true,"href":"https:\/\/www.cdcaverock.es\/index.php?rest_route=%2Fwp%2Fv2%2Fcomments&post=1515"}],"version-history":[{"count":2,"href":"https:\/\/www.cdcaverock.es\/index.php?rest_route=\/wp\/v2\/posts\/1515\/revisions"}],"predecessor-version":[{"id":1519,"href":"https:\/\/www.cdcaverock.es\/index.php?rest_route=\/wp\/v2\/posts\/1515\/revisions\/1519"}],"wp:attachment":[{"href":"https:\/\/www.cdcaverock.es\/index.php?rest_route=%2Fwp%2Fv2%2Fmedia&parent=1515"}],"wp:term":[{"taxonomy":"category","embeddable":true,"href":"https:\/\/www.cdcaverock.es\/index.php?rest_route=%2Fwp%2Fv2%2Fcategories&post=1515"},{"taxonomy":"post_tag","embeddable":true,"href":"https:\/\/www.cdcaverock.es\/index.php?rest_route=%2Fwp%2Fv2%2Ftags&post=1515"}],"curies":[{"name":"wp","href":"https:\/\/api.w.org\/{rel}","templated":true}]}}