{"id":1335,"date":"2013-09-08T15:15:47","date_gmt":"2013-09-08T21:15:47","guid":{"rendered":"http:\/\/www.cdcaverock.es\/?p=1335"},"modified":"2013-09-09T07:59:07","modified_gmt":"2013-09-09T13:59:07","slug":"2a-prueba-de-la-copa-cabildo-de-escalada-y-bloque","status":"publish","type":"post","link":"https:\/\/www.cdcaverock.es\/?p=1335","title":{"rendered":"2\u00aa PRUEBA DE LA COPA CABILDO DE ESCALADA Y BLOQUE."},"content":{"rendered":"<p><a href=\"https:\/\/www.cdcaverock.es\/fotos\/2013\/08\/copa-cabildo-2013-2\u00ba-prueba..jpg\"><img loading=\"lazy\" decoding=\"async\" class=\"aligncenter size-full wp-image-1324\" alt=\"copa cabildo 2013 2\u00ba prueba.\" src=\"https:\/\/www.cdcaverock.es\/fotos\/2013\/08\/copa-cabildo-2013-2\u00ba-prueba..jpg\" width=\"851\" height=\"315\" srcset=\"https:\/\/www.cdcaverock.es\/fotos\/2013\/08\/copa-cabildo-2013-2\u00ba-prueba..jpg 851w, https:\/\/www.cdcaverock.es\/fotos\/2013\/08\/copa-cabildo-2013-2\u00ba-prueba.-300x111.jpg 300w, https:\/\/www.cdcaverock.es\/fotos\/2013\/08\/copa-cabildo-2013-2\u00ba-prueba.-800x296.jpg 800w\" sizes=\"auto, (max-width: 851px) 100vw, 851px\" \/><\/a><\/p>\n<p>El pasado d\u00eda 7 de septiembre se celebro la segunda prueba de la Copa Cabildo de Dificultad y Bloque, esta vez debido a causas ajenas a la federaci\u00f3n Insular se traslado esta prueba a Ofra, el lugar donde se ten\u00eda que celebrar el roc\u00f3dromo de Gara\u00f1a\u00f1a.<\/p>\n<p>Lo sorprendente de esta prueba fue la poqu\u00edsima participaci\u00f3n de deportistas, cada vez se entiende menos, por lo tanto ahora este club no seguir\u00e1 apostando por las competiciones y todos los recursos que destin\u00e1bamos a este tipo de evento, lo trasladaremos ahora a el equipamiento y reequipamiento de las zonas que creamos convenientes, darle las gracias a los participantes y a los que estaban de p\u00fablico que terminaron apunt\u00e1ndose \u00a0para que no participaran solamente cinco deportistas, 3 sub 16,un masculino y una femenina, felicitar a Felicita ya que fue la \u00fanica representante de la selecci\u00f3n Canaria que decidi\u00f3 venir a seguir cogiendo experiencia, por lo visto hay algunos deportistas que van de sobrados y no participan, en el reglamento interno de la selecci\u00f3n se les obliga a la participaci\u00f3n en todas las competiciones de r\u00e9gimen regional e insular para de esta manera puedan seguir progresando como deportistas, es la primera vez en tantos a\u00f1os organizando \u00a0competiciones que vienen a participar tan poca gente, ahora hay gente que ya se est\u00e1 alegrando de que esta compe no tuviera \u00e9xito, gracias a ellos tambi\u00e9n,\u00a0 bueno esto es una despedida de nuestro club \u00a0a las competiciones , \u00a0\u00a0dar las gracias nuevamente a todos y todas las personas que all\u00ed se dieron cita.<\/p>\n<p>Algunas fotos de la compe:<\/p>\n<div class=\"pie-gallery alignGalleryCenter\">\n<div class=\"pie-item\" style=\"margin: 10px 10px 10px 10px;\">\n<div class=\"pie-gallery alignGalleryCenter\">\n<div class=\"pie-item\" style=\"margin: 10px 10px 10px 10px;\">\n<div class=\"pie-gallery alignGalleryCenter\">\n<div class=\"pie-item\" style=\"margin: 10px 10px 10px 10px;\">\n<p class=\"pie-img-wrapper\"><a href=\"http:\/\/lh3.ggpht.com\/-tpDHnc1zxmg\/Uiy2wTU9ANI\/AAAAAAAAAb0\/vGWC1pp9vj0\/_MG_0276.jpg?imgmax=720\" rel=\"lightbox[2013-8-1-12-57-43]\"><img loading=\"lazy\" decoding=\"async\" class=\"pie-img\" alt=\"_MG_0276.jpg\" src=\"http:\/\/lh3.ggpht.com\/-tpDHnc1zxmg\/Uiy2wTU9ANI\/AAAAAAAAAb0\/vGWC1pp9vj0\/s72-c\/_MG_0276.jpg\" width=\"72\" height=\"72\" \/><\/a><\/p>\n<\/div>\n<div class=\"pie-item\" style=\"margin: 10px 10px 10px 10px;\">\n<p class=\"pie-img-wrapper\"><a href=\"http:\/\/lh5.ggpht.com\/-hctbqYoNIMA\/Uiy2JPF4-bI\/AAAAAAAAAb0\/VgxliubKA90\/_MG_0172.jpg?imgmax=720\" rel=\"lightbox[2013-8-1-12-57-43]\"><img loading=\"lazy\" decoding=\"async\" class=\"pie-img\" alt=\"_MG_0172.jpg\" src=\"http:\/\/lh5.ggpht.com\/-hctbqYoNIMA\/Uiy2JPF4-bI\/AAAAAAAAAb0\/VgxliubKA90\/s72-c\/_MG_0172.jpg\" width=\"72\" height=\"72\" \/><\/a><\/p>\n<\/div>\n<div class=\"pie-item\" style=\"margin: 10px 10px 10px 10px;\">\n<p class=\"pie-img-wrapper\"><a href=\"http:\/\/lh5.ggpht.com\/-n6QISHNrFdw\/Uiy2n6qxhJI\/AAAAAAAAAb0\/M28uSq_mxPs\/_MG_0247.jpg?imgmax=720\" rel=\"lightbox[2013-8-1-12-57-43]\"><img loading=\"lazy\" decoding=\"async\" class=\"pie-img\" alt=\"_MG_0247.jpg\" src=\"http:\/\/lh5.ggpht.com\/-n6QISHNrFdw\/Uiy2n6qxhJI\/AAAAAAAAAb0\/M28uSq_mxPs\/s72-c\/_MG_0247.jpg\" width=\"72\" height=\"72\" \/><\/a><\/p>\n<\/div>\n<div class=\"pie-item\" style=\"margin: 10px 10px 10px 10px;\">\n<p class=\"pie-img-wrapper\"><a href=\"http:\/\/lh5.ggpht.com\/-bc6LXWXDv9s\/Uiy2hsU2BMI\/AAAAAAAAAb0\/Rr3abLSUiKg\/_MG_0172.jpg?imgmax=720\" rel=\"lightbox[2013-8-1-12-57-43]\"><img loading=\"lazy\" decoding=\"async\" class=\"pie-img\" alt=\"_MG_0172.jpg\" src=\"http:\/\/lh5.ggpht.com\/-bc6LXWXDv9s\/Uiy2hsU2BMI\/AAAAAAAAAb0\/Rr3abLSUiKg\/s72-c\/_MG_0172.jpg\" width=\"72\" height=\"72\" \/><\/a><\/p>\n<\/div>\n<div class=\"pie-item\" style=\"margin: 10px 10px 10px 10px;\">\n<p class=\"pie-img-wrapper\"><a href=\"http:\/\/lh5.ggpht.com\/-6fcp_3yP5sA\/Uiy2QUAPMwI\/AAAAAAAAAb0\/9TjvcqrkSiQ\/_MG_0201.jpg?imgmax=720\" rel=\"lightbox[2013-8-1-12-57-43]\"><img loading=\"lazy\" decoding=\"async\" class=\"pie-img\" alt=\"_MG_0201.jpg\" src=\"http:\/\/lh5.ggpht.com\/-6fcp_3yP5sA\/Uiy2QUAPMwI\/AAAAAAAAAb0\/9TjvcqrkSiQ\/s72-c\/_MG_0201.jpg\" width=\"72\" height=\"72\" \/><\/a><\/p>\n<\/div>\n<div class=\"pie-item\" style=\"margin: 10px 10px 10px 10px;\">\n<p class=\"pie-img-wrapper\"><a href=\"http:\/\/lh3.ggpht.com\/-FVoaYkoBrZ8\/Uiy2bKwqtCI\/AAAAAAAAAb0\/qk-MqRJmwuU\/_MG_0235.jpg?imgmax=720\" rel=\"lightbox[2013-8-1-12-57-43]\"><img loading=\"lazy\" decoding=\"async\" class=\"pie-img\" alt=\"_MG_0235.jpg\" src=\"http:\/\/lh3.ggpht.com\/-FVoaYkoBrZ8\/Uiy2bKwqtCI\/AAAAAAAAAb0\/qk-MqRJmwuU\/s72-c\/_MG_0235.jpg\" width=\"72\" height=\"72\" \/><\/a><\/p>\n<\/div>\n<div class=\"pie-item\" style=\"margin: 10px 10px 10px 10px;\">\n<p class=\"pie-img-wrapper\"><a href=\"http:\/\/lh3.ggpht.com\/-n3KLCN7ivqU\/Uiy3Ct0IAVI\/AAAAAAAAAb0\/cHm_k-G2k6o\/IMG_0341.JPG?imgmax=720\" rel=\"lightbox[2013-8-1-12-57-43]\"><img loading=\"lazy\" decoding=\"async\" class=\"pie-img\" alt=\"IMG_0341.JPG\" src=\"http:\/\/lh3.ggpht.com\/-n3KLCN7ivqU\/Uiy3Ct0IAVI\/AAAAAAAAAb0\/cHm_k-G2k6o\/s72-c\/IMG_0341.JPG\" width=\"72\" height=\"72\" \/><\/a><\/p>\n<\/div>\n<div class=\"pie-item\" style=\"margin: 10px 10px 10px 10px;\">\n<p class=\"pie-img-wrapper\"><a href=\"http:\/\/lh6.ggpht.com\/-8JofYKMOzFE\/Uiy3mzmeOHI\/AAAAAAAAAb0\/MCFmZM8CYFY\/IMG_0327.JPG?imgmax=720\" rel=\"lightbox[2013-8-1-12-57-43]\"><img loading=\"lazy\" decoding=\"async\" class=\"pie-img\" alt=\"IMG_0327.JPG\" src=\"http:\/\/lh6.ggpht.com\/-8JofYKMOzFE\/Uiy3mzmeOHI\/AAAAAAAAAb0\/MCFmZM8CYFY\/s72-c\/IMG_0327.JPG\" width=\"72\" height=\"72\" \/><\/a><\/p>\n<\/div>\n<div class=\"pie-item\" style=\"margin: 10px 10px 10px 10px;\">\n<p class=\"pie-img-wrapper\"><a href=\"http:\/\/lh6.ggpht.com\/-0qs3vtzWUTs\/Uiy3wnpzeyI\/AAAAAAAAAb0\/0FGvfMrOQRg\/IMG_0319.JPG?imgmax=720\" rel=\"lightbox[2013-8-1-12-57-43]\"><img loading=\"lazy\" decoding=\"async\" class=\"pie-img\" alt=\"IMG_0319.JPG\" src=\"http:\/\/lh6.ggpht.com\/-0qs3vtzWUTs\/Uiy3wnpzeyI\/AAAAAAAAAb0\/0FGvfMrOQRg\/s72-c\/IMG_0319.JPG\" width=\"72\" height=\"72\" \/><\/a><\/p>\n<\/div>\n<div class=\"pie-item\" style=\"margin: 10px 10px 10px 10px;\">\n<p class=\"pie-img-wrapper\"><a href=\"http:\/\/lh4.ggpht.com\/-zv6EhAdLntY\/Uiy3PVUmBxI\/AAAAAAAAAb0\/ZCV8vYDOoxE\/IMG_0162.JPG?imgmax=720\" rel=\"lightbox[2013-8-1-12-57-43]\"><img loading=\"lazy\" decoding=\"async\" class=\"pie-img\" alt=\"IMG_0162.JPG\" src=\"http:\/\/lh4.ggpht.com\/-zv6EhAdLntY\/Uiy3PVUmBxI\/AAAAAAAAAb0\/ZCV8vYDOoxE\/s72-c\/IMG_0162.JPG\" width=\"72\" height=\"72\" \/><\/a><\/p>\n<\/div>\n<\/div>\n<\/div>\n<\/div>\n<\/div>\n<\/div>\n","protected":false},"excerpt":{"rendered":"<p>El pasado d\u00eda 7 de septiembre se celebro la segunda prueba de la Copa Cabildo de Dificultad y Bloque, esta vez debido a causas ajenas a la federaci\u00f3n Insular se traslado esta prueba a Ofra, el lugar donde se ten\u00eda que celebrar el roc\u00f3dromo de Gara\u00f1a\u00f1a. Lo sorprendente de esta prueba fue la poqu\u00edsima participaci\u00f3n [&hellip;]<\/p>\n","protected":false},"author":2,"featured_media":0,"comment_status":"closed","ping_status":"open","sticky":false,"template":"","format":"standard","meta":{"footnotes":""},"categories":[1],"tags":[],"class_list":["post-1335","post","type-post","status-publish","format-standard","hentry","category-uncategorized"],"_links":{"self":[{"href":"https:\/\/www.cdcaverock.es\/index.php?rest_route=\/wp\/v2\/posts\/1335","targetHints":{"allow":["GET"]}}],"collection":[{"href":"https:\/\/www.cdcaverock.es\/index.php?rest_route=\/wp\/v2\/posts"}],"about":[{"href":"https:\/\/www.cdcaverock.es\/index.php?rest_route=\/wp\/v2\/types\/post"}],"author":[{"embeddable":true,"href":"https:\/\/www.cdcaverock.es\/index.php?rest_route=\/wp\/v2\/users\/2"}],"replies":[{"embeddable":true,"href":"https:\/\/www.cdcaverock.es\/index.php?rest_route=%2Fwp%2Fv2%2Fcomments&post=1335"}],"version-history":[{"count":7,"href":"https:\/\/www.cdcaverock.es\/index.php?rest_route=\/wp\/v2\/posts\/1335\/revisions"}],"predecessor-version":[{"id":1344,"href":"https:\/\/www.cdcaverock.es\/index.php?rest_route=\/wp\/v2\/posts\/1335\/revisions\/1344"}],"wp:attachment":[{"href":"https:\/\/www.cdcaverock.es\/index.php?rest_route=%2Fwp%2Fv2%2Fmedia&parent=1335"}],"wp:term":[{"taxonomy":"category","embeddable":true,"href":"https:\/\/www.cdcaverock.es\/index.php?rest_route=%2Fwp%2Fv2%2Fcategories&post=1335"},{"taxonomy":"post_tag","embeddable":true,"href":"https:\/\/www.cdcaverock.es\/index.php?rest_route=%2Fwp%2Fv2%2Ftags&post=1335"}],"curies":[{"name":"wp","href":"https:\/\/api.w.org\/{rel}","templated":true}]}}