{"id":1323,"date":"2013-08-18T12:04:40","date_gmt":"2013-08-18T18:04:40","guid":{"rendered":"http:\/\/www.cdcaverock.es\/?p=1323"},"modified":"2013-08-18T12:05:13","modified_gmt":"2013-08-18T18:05:13","slug":"2a-prueba-de-la-copa-cabildo-2013","status":"publish","type":"post","link":"https:\/\/www.cdcaverock.es\/?p=1323","title":{"rendered":"2\u00aa PRUEBA DE LA COPA CABILDO 2013"},"content":{"rendered":"<p><a href=\"https:\/\/www.cdcaverock.es\/fotos\/2013\/08\/copa-cabildo-2013-2\u00ba-prueba..jpg\"><img loading=\"lazy\" decoding=\"async\" class=\"aligncenter size-full wp-image-1324\" alt=\"copa cabildo 2013 2\u00ba prueba.\" src=\"https:\/\/www.cdcaverock.es\/fotos\/2013\/08\/copa-cabildo-2013-2\u00ba-prueba..jpg\" width=\"851\" height=\"315\" srcset=\"https:\/\/www.cdcaverock.es\/fotos\/2013\/08\/copa-cabildo-2013-2\u00ba-prueba..jpg 851w, https:\/\/www.cdcaverock.es\/fotos\/2013\/08\/copa-cabildo-2013-2\u00ba-prueba.-300x111.jpg 300w, https:\/\/www.cdcaverock.es\/fotos\/2013\/08\/copa-cabildo-2013-2\u00ba-prueba.-800x296.jpg 800w\" sizes=\"auto, (max-width: 851px) 100vw, 851px\" \/><\/a><\/p>\n<p>&nbsp;<\/p>\n<p>Ya esta aqui la segunda prueba de la Copa Cabildo de Escalada y Bloque, por motivos ajenos a la Federaci\u00f3n Tinerfe\u00f1a de \u00a0Monta\u00f1a y Escalada nos hemos visto obligados a trasladar esta prueba al roc\u00f3dromo de Ofra,solicitamos a todos los escaladores la m\u00e1xima difusi\u00f3n y como no la participaci\u00f3n de todos y todas ya que hay todo tipo de categor\u00edas.<\/p>\n<p><a href=\"https:\/\/www.cdcaverock.es\/fotos\/2013\/04\/Reglamento-de-Escalada-FITME-2013.pdf\">Reglamento de Escalada FITME 2013<\/a><\/p>\n","protected":false},"excerpt":{"rendered":"<p>&nbsp; Ya esta aqui la segunda prueba de la Copa Cabildo de Escalada y Bloque, por motivos ajenos a la Federaci\u00f3n Tinerfe\u00f1a de \u00a0Monta\u00f1a y Escalada nos hemos visto obligados a trasladar esta prueba al roc\u00f3dromo de Ofra,solicitamos a todos los escaladores la m\u00e1xima difusi\u00f3n y como no la participaci\u00f3n de todos y todas ya [&hellip;]<\/p>\n","protected":false},"author":2,"featured_media":0,"comment_status":"closed","ping_status":"open","sticky":false,"template":"","format":"standard","meta":{"footnotes":""},"categories":[1],"tags":[],"class_list":["post-1323","post","type-post","status-publish","format-standard","hentry","category-uncategorized"],"_links":{"self":[{"href":"https:\/\/www.cdcaverock.es\/index.php?rest_route=\/wp\/v2\/posts\/1323","targetHints":{"allow":["GET"]}}],"collection":[{"href":"https:\/\/www.cdcaverock.es\/index.php?rest_route=\/wp\/v2\/posts"}],"about":[{"href":"https:\/\/www.cdcaverock.es\/index.php?rest_route=\/wp\/v2\/types\/post"}],"author":[{"embeddable":true,"href":"https:\/\/www.cdcaverock.es\/index.php?rest_route=\/wp\/v2\/users\/2"}],"replies":[{"embeddable":true,"href":"https:\/\/www.cdcaverock.es\/index.php?rest_route=%2Fwp%2Fv2%2Fcomments&post=1323"}],"version-history":[{"count":2,"href":"https:\/\/www.cdcaverock.es\/index.php?rest_route=\/wp\/v2\/posts\/1323\/revisions"}],"predecessor-version":[{"id":1326,"href":"https:\/\/www.cdcaverock.es\/index.php?rest_route=\/wp\/v2\/posts\/1323\/revisions\/1326"}],"wp:attachment":[{"href":"https:\/\/www.cdcaverock.es\/index.php?rest_route=%2Fwp%2Fv2%2Fmedia&parent=1323"}],"wp:term":[{"taxonomy":"category","embeddable":true,"href":"https:\/\/www.cdcaverock.es\/index.php?rest_route=%2Fwp%2Fv2%2Fcategories&post=1323"},{"taxonomy":"post_tag","embeddable":true,"href":"https:\/\/www.cdcaverock.es\/index.php?rest_route=%2Fwp%2Fv2%2Ftags&post=1323"}],"curies":[{"name":"wp","href":"https:\/\/api.w.org\/{rel}","templated":true}]}}