{"id":1286,"date":"2013-06-04T11:12:58","date_gmt":"2013-06-04T17:12:58","guid":{"rendered":"http:\/\/www.cdcaverock.es\/?p=1286"},"modified":"2013-06-06T07:01:23","modified_gmt":"2013-06-06T13:01:23","slug":"ultima-prueba-de-copa-de-espana-de-dificultad","status":"publish","type":"post","link":"https:\/\/www.cdcaverock.es\/?p=1286","title":{"rendered":"\u00daLTIMA PRUEBA DE COPA DE ESPA\u00d1A DE DIFICULTAD."},"content":{"rendered":"<p style=\"text-align: center;\"><a href=\"http:\/\/lh4.ggpht.com\/-yHdTg9nC7JI\/UbBfXMTLypI\/AAAAAAAAAUk\/MSNZYskepbk\/CARTEL-COPA-ESPA%2525C3%252591A-2013.jpg?imgmax=640\" rel=\"lightbox[2013-5-4-11-45-31]\"><img loading=\"lazy\" decoding=\"async\" class=\"pie-img\" style=\"margin: 10px;\" alt=\"CARTEL-COPA-ESPA\u00d1A-2013.jpg\" src=\"http:\/\/lh4.ggpht.com\/-yHdTg9nC7JI\/UbBfXMTLypI\/AAAAAAAAAUk\/MSNZYskepbk\/CARTEL-COPA-ESPA%2525C3%252591A-2013.jpg?imgmax=400\" width=\"279\" height=\"400\" \/><\/a><\/p>\n<p>Se acabo la Copa de Espa\u00f1a de escalada de dificultad, en esta \u00faltima prueba Samuel (puesto12) logra coger una presa por delante de Jerome este ultimo\u00a0 logra quedar en el puesto 14, la escasa participaci\u00f3n en esta \u00faltima prueba deber\u00eda servir a los organizadores un punto de reflexi\u00f3n, no es muy normal que sigan manteniendo este formato de competici\u00f3n que se queda a medias entre si se parece o no a competiciones internacionales.<\/p>\n<p><a href=\"https:\/\/www.cdcaverock.es\/fotos\/2013\/06\/General-Copa-Espa\u00f1a-Absolutos..pdf\">General Copa Espa\u00f1a Absolutos.<\/a><\/p>\n<p>Ya el domingo nueva participaci\u00f3n de los juveniles, en sub 16 masculinos Nathan logra entrar a la final haciendo una buena actuaci\u00f3n en semifinales. Las femeninas sub 16 en su l\u00ednea y la sub 18 Sara consigue una tercera posici\u00f3n, viendo como su ilusi\u00f3n en la general cae a un cuarto puesto, en categor\u00eda sub 18 masculino Jerome queda en tercera posici\u00f3n en esta prueba y tercero en la general, siendo llamado por la selecci\u00f3n para el pr\u00f3ximo fin de semana ir a competir a Copa de Europa en Edimburgo, Nira en sub 20 se sube a lo m\u00e1s alto del caj\u00f3n en esta \u00faltima prueba y en la general queda segunda, buena actuaci\u00f3n de esta chica.<\/p>\n<p><a href=\"https:\/\/www.cdcaverock.es\/fotos\/2013\/06\/General-Copa-Espa\u00f1a-Juveniles..pdf\">General Copa Espa\u00f1a Juveniles.<\/a><\/p>\n<p>De todas formas los objetivos como dice el seleccionador est\u00e1n conseguidos, el objetivo de cualquier federaci\u00f3n es trabajo y resultados .<\/p>\n<p>Tambi\u00e9n esperamos que no estemos\u00a0 costeando viajes a nuestra presidenta para ver una competici\u00f3n, realmente que \u00a0se centren\u00a0 en lo que hacen todas las federaciones ,que trabajan\u00a0 para \u00a0conseguir un \u00fanico objetivo ,que \u00a0es el que sus \u00a0competidores lleguen a las categor\u00edas absolutas y \u00a0que no se pierdan una vez terminen en las categor\u00edas juveniles.<\/p>\n<p>Ya la pr\u00f3xima competici\u00f3n Campeonato de Espa\u00f1a absoluto en Gij\u00f3n.<\/p>\n","protected":false},"excerpt":{"rendered":"<p>Se acabo la Copa de Espa\u00f1a de escalada de dificultad, en esta \u00faltima prueba Samuel (puesto12) logra coger una presa por delante de Jerome este ultimo\u00a0 logra quedar en el puesto 14, la escasa participaci\u00f3n en esta \u00faltima prueba deber\u00eda servir a los organizadores un punto de reflexi\u00f3n, no es muy normal que sigan manteniendo [&hellip;]<\/p>\n","protected":false},"author":2,"featured_media":0,"comment_status":"closed","ping_status":"open","sticky":false,"template":"","format":"standard","meta":{"footnotes":""},"categories":[1],"tags":[],"class_list":["post-1286","post","type-post","status-publish","format-standard","hentry","category-uncategorized"],"_links":{"self":[{"href":"https:\/\/www.cdcaverock.es\/index.php?rest_route=\/wp\/v2\/posts\/1286","targetHints":{"allow":["GET"]}}],"collection":[{"href":"https:\/\/www.cdcaverock.es\/index.php?rest_route=\/wp\/v2\/posts"}],"about":[{"href":"https:\/\/www.cdcaverock.es\/index.php?rest_route=\/wp\/v2\/types\/post"}],"author":[{"embeddable":true,"href":"https:\/\/www.cdcaverock.es\/index.php?rest_route=\/wp\/v2\/users\/2"}],"replies":[{"embeddable":true,"href":"https:\/\/www.cdcaverock.es\/index.php?rest_route=%2Fwp%2Fv2%2Fcomments&post=1286"}],"version-history":[{"count":6,"href":"https:\/\/www.cdcaverock.es\/index.php?rest_route=\/wp\/v2\/posts\/1286\/revisions"}],"predecessor-version":[{"id":1294,"href":"https:\/\/www.cdcaverock.es\/index.php?rest_route=\/wp\/v2\/posts\/1286\/revisions\/1294"}],"wp:attachment":[{"href":"https:\/\/www.cdcaverock.es\/index.php?rest_route=%2Fwp%2Fv2%2Fmedia&parent=1286"}],"wp:term":[{"taxonomy":"category","embeddable":true,"href":"https:\/\/www.cdcaverock.es\/index.php?rest_route=%2Fwp%2Fv2%2Fcategories&post=1286"},{"taxonomy":"post_tag","embeddable":true,"href":"https:\/\/www.cdcaverock.es\/index.php?rest_route=%2Fwp%2Fv2%2Ftags&post=1286"}],"curies":[{"name":"wp","href":"https:\/\/api.w.org\/{rel}","templated":true}]}}